{"id":2976,"date":"2021-07-18T19:54:55","date_gmt":"2021-07-18T17:54:55","guid":{"rendered":"https:\/\/alpha-credo.com\/regionalizacija-globalne-trgovine\/"},"modified":"2021-07-20T16:07:53","modified_gmt":"2021-07-20T14:07:53","slug":"regionalizacija-globalne-trgovine","status":"publish","type":"post","link":"https:\/\/alpha-credo.com\/sl\/regionalizacija-globalne-trgovine\/","title":{"rendered":"Regionalizacija globalne trgovine"},"content":{"rendered":"<p><strong><em>World Economic Forum (WEF) predvideva, da se bo svetovna trgovina v prihodnje soo\u010dala z vse ve\u010djo deglobalizacijo. Analitiki ocenjujejo, da mednarodna izmenjava ne bo upadla, bo pa zelo verjetno postala bolj regionalna. Dogodki, kot so pandemija COVID-19, trgovinska vojna med ZDA in Kitajsko ter blokada Sue\u0161kega prekopa, so imeli izrazit vpliv na regionalizacijo globalne trgovine.<\/em><\/strong><\/p>\n<p>Podatki o mednarodni izmenjavi za obdobje 1815 &#8211; 2014 ka\u017eejo, da je v tem obdobju pribli\u017eno 60 % globalne izmenjave steklo med dr\u017eavami na istem kontinentu, 40 % globalne trgovine pa med dr\u017eavami na razli\u010dnih kontinentih. Na drugi strani podatki za obdobje 2016 &#8211; 2020 ka\u017eejo, da je 80 % globalne trgovine potekalo med dr\u017eavami na razli\u010dnih kontinentih in 20 % med dr\u017eavami na istem kontinentu. Toda Brexit in pandemija COVID-19 sta povzro\u010dila, da je doslej stabilno razmerje (80\/20) v letu 2020 zanihalo. Tako je pribli\u017eno 25% globalne trgovine potekalo med dr\u017eavami na istem kontinentu, 75 % globalne trgovine pa med dr\u017eavami na razli\u010dnih kontinentih. Regionalizacijo je mo\u010d opaziti tudi ob pogledu povpre\u010dne uvozne razdalje v dr\u017eavah EU-28. V letu 2020 je ta povpre\u010dna razdalja padla iz 6.000 kilometrov na 5.200 kilometrov.<\/p>\n<p>Trend regionalizacije lahko opazimo tudi s preu\u010devanjem nivoja nove blagovne izmenjave &#8211; raven izmenjave izdelkov med dr\u017eavami, ki nikoli niso trgovale z blagom na komercialni ravni. WEF tukaj ugotavlja, da je imela povpre\u010dna uvozna razdalja negativni trend v zadnjih petih letih in je leta 2019 dosegla najni\u017ejo raven po svetovni finan\u010dni krizi leta 2008. Poleg tega je trgovina med sosednjimi dr\u017eavami dosegla rekordnih 18 % leta 2019, medtem ko je bilo svetovno povpre\u010dje v zadnjih dveh desetletjih 9-10 %. Hkrati pa podjetja kraj\u0161ajo svoje dobavne verige, da bi postala bolj odporna na morebitne neugodne geopoliti\u010dne razmere ali nove zdravstvene krize.<\/p>\n<p>Globalizacija bo v mednarodni trgovini \u0161e vedno prisotna, vendar bo njena hitrost v prihodnje upadala. Pandemija COVID-19 je povzro\u010dila dodaten pritisk na \u017ee tako stagnirajo\u010de nivoje mednarodne izmenjave. Najnovej\u0161e analize o globalni trgovini ka\u017eejo, da so vzorci regionalizacije statisti\u010dno zna\u010dilni in posledi\u010dno postajajo vse ve\u010dji izziv za oblikovalce ekonomskih politik. Hkrati bo regionalizacija podjetja spodbudila v razvoj novih strategij in vlaganja sredstev v preu\u010devanje in upravljanje novih, impliciranih tveganj.<\/p>\n<hr \/>\n<p>Avtor prispevka je ekipa ALPHA CREDO<\/p>\n<p>Viri:<\/p>\n<div><span lang=\"EN-GB\"><i>Economic Forum (2021). Regionalization vs globalization: what is the future direction of trade?.\u00a0<\/i>Dostopno <a href=\"https:\/\/www.weforum.org\/agenda\/2021\/07\/regionalization-globalization-future-direction-trade\/\">tukaj<\/a><\/span><\/div>\n","protected":false},"excerpt":{"rendered":"<p>World Economic Forum (WEF) predvideva, da se bo svetovna trgovina v prihodnje soo\u010dala z vse ve\u010djo deglobalizacijo. Analitiki ocenjujejo, da mednarodna izmenjava ne bo upadla, bo pa zelo verjetno postala bolj regionalna. Dogodki, kot so pandemija COVID-19, trgovinska vojna med ZDA in Kitajsko ter blokada Sue\u0161kega prekopa, so imeli izrazit vpliv na regionalizacijo globalne trgovine. [&hellip;]<\/p>\n","protected":false},"author":5,"featured_media":2978,"comment_status":"closed","ping_status":"closed","sticky":false,"template":"","format":"standard","meta":[],"categories":[1],"tags":[],"yoast_head":"<!-- This site is optimized with the Yoast SEO plugin v20.9 - https:\/\/yoast.com\/wordpress\/plugins\/seo\/ -->\n<title>Regionalizacija globalne trgovine - Alpha Credo<\/title>\n<meta name=\"robots\" content=\"index, follow, max-snippet:-1, max-image-preview:large, max-video-preview:-1\" \/>\n<link rel=\"canonical\" href=\"https:\/\/alpha-credo.com\/regionalization-of-global-trade\/\" \/>\n<meta property=\"og:locale\" content=\"sl_SI\" \/>\n<meta property=\"og:type\" content=\"article\" \/>\n<meta property=\"og:title\" content=\"Regionalizacija globalne trgovine - Alpha Credo\" \/>\n<meta property=\"og:description\" content=\"World Economic Forum (WEF) predvideva, da se bo svetovna trgovina v prihodnje soo\u010dala z vse ve\u010djo deglobalizacijo. Analitiki ocenjujejo, da mednarodna izmenjava ne bo upadla, bo pa zelo verjetno postala bolj regionalna. Dogodki, kot so pandemija COVID-19, trgovinska vojna med ZDA in Kitajsko ter blokada Sue\u0161kega prekopa, so imeli izrazit vpliv na regionalizacijo globalne trgovine. [&hellip;]\" \/>\n<meta property=\"og:url\" content=\"https:\/\/alpha-credo.com\/regionalization-of-global-trade\/\" \/>\n<meta property=\"og:site_name\" content=\"Alpha Credo\" \/>\n<meta property=\"article:published_time\" content=\"2021-07-18T17:54:55+00:00\" \/>\n<meta property=\"article:modified_time\" content=\"2021-07-20T14:07:53+00:00\" \/>\n<meta property=\"og:image\" content=\"https:\/\/alpha-credo.com\/wp-content\/uploads\/2021\/07\/Regionalization_SLO-01-01-01.png\" \/>\n\t<meta property=\"og:image:width\" content=\"1200\" \/>\n\t<meta property=\"og:image:height\" content=\"627\" \/>\n\t<meta property=\"og:image:type\" content=\"image\/png\" \/>\n<meta name=\"author\" content=\"aljaz\" \/>\n<meta name=\"twitter:card\" content=\"summary_large_image\" \/>\n<meta name=\"twitter:label1\" content=\"Written by\" \/>\n\t<meta name=\"twitter:data1\" content=\"aljaz\" \/>\n\t<meta name=\"twitter:label2\" content=\"Est. reading time\" \/>\n\t<meta name=\"twitter:data2\" content=\"2 minuti\" \/>\n<script type=\"application\/ld+json\" class=\"yoast-schema-graph\">{\"@context\":\"https:\/\/schema.org\",\"@graph\":[{\"@type\":\"WebPage\",\"@id\":\"https:\/\/alpha-credo.com\/regionalization-of-global-trade\/\",\"url\":\"https:\/\/alpha-credo.com\/regionalization-of-global-trade\/\",\"name\":\"Regionalizacija globalne trgovine - Alpha Credo\",\"isPartOf\":{\"@id\":\"https:\/\/alpha-credo.com\/sl\/#website\"},\"datePublished\":\"2021-07-18T17:54:55+00:00\",\"dateModified\":\"2021-07-20T14:07:53+00:00\",\"author\":{\"@id\":\"https:\/\/alpha-credo.com\/sl\/#\/schema\/person\/de48150be544a3ffc619d9ebc0bb0450\"},\"breadcrumb\":{\"@id\":\"https:\/\/alpha-credo.com\/regionalization-of-global-trade\/#breadcrumb\"},\"inLanguage\":\"sl-SI\",\"potentialAction\":[{\"@type\":\"ReadAction\",\"target\":[\"https:\/\/alpha-credo.com\/regionalization-of-global-trade\/\"]}]},{\"@type\":\"BreadcrumbList\",\"@id\":\"https:\/\/alpha-credo.com\/regionalization-of-global-trade\/#breadcrumb\",\"itemListElement\":[{\"@type\":\"ListItem\",\"position\":1,\"name\":\"Home\",\"item\":\"https:\/\/alpha-credo.com\/sl\/\"},{\"@type\":\"ListItem\",\"position\":2,\"name\":\"Regionalizacija globalne trgovine\"}]},{\"@type\":\"WebSite\",\"@id\":\"https:\/\/alpha-credo.com\/sl\/#website\",\"url\":\"https:\/\/alpha-credo.com\/sl\/\",\"name\":\"Alpha Credo\",\"description\":\"Zavarovalno posredni\u0161ka dru\u017eba\/Insurance Brokerage\",\"potentialAction\":[{\"@type\":\"SearchAction\",\"target\":{\"@type\":\"EntryPoint\",\"urlTemplate\":\"https:\/\/alpha-credo.com\/sl\/?s={search_term_string}\"},\"query-input\":\"required name=search_term_string\"}],\"inLanguage\":\"sl-SI\"},{\"@type\":\"Person\",\"@id\":\"https:\/\/alpha-credo.com\/sl\/#\/schema\/person\/de48150be544a3ffc619d9ebc0bb0450\",\"name\":\"aljaz\",\"image\":{\"@type\":\"ImageObject\",\"inLanguage\":\"sl-SI\",\"@id\":\"https:\/\/alpha-credo.com\/sl\/#\/schema\/person\/image\/\",\"url\":\"https:\/\/secure.gravatar.com\/avatar\/4d5e247c9d88cce44443592f9313a057?s=96&d=mm&r=g\",\"contentUrl\":\"https:\/\/secure.gravatar.com\/avatar\/4d5e247c9d88cce44443592f9313a057?s=96&d=mm&r=g\",\"caption\":\"aljaz\"}}]}<\/script>\n<!-- \/ Yoast SEO plugin. -->","yoast_head_json":{"title":"Regionalizacija globalne trgovine - Alpha Credo","robots":{"index":"index","follow":"follow","max-snippet":"max-snippet:-1","max-image-preview":"max-image-preview:large","max-video-preview":"max-video-preview:-1"},"canonical":"https:\/\/alpha-credo.com\/regionalization-of-global-trade\/","og_locale":"sl_SI","og_type":"article","og_title":"Regionalizacija globalne trgovine - Alpha Credo","og_description":"World Economic Forum (WEF) predvideva, da se bo svetovna trgovina v prihodnje soo\u010dala z vse ve\u010djo deglobalizacijo. Analitiki ocenjujejo, da mednarodna izmenjava ne bo upadla, bo pa zelo verjetno postala bolj regionalna. Dogodki, kot so pandemija COVID-19, trgovinska vojna med ZDA in Kitajsko ter blokada Sue\u0161kega prekopa, so imeli izrazit vpliv na regionalizacijo globalne trgovine. [&hellip;]","og_url":"https:\/\/alpha-credo.com\/regionalization-of-global-trade\/","og_site_name":"Alpha Credo","article_published_time":"2021-07-18T17:54:55+00:00","article_modified_time":"2021-07-20T14:07:53+00:00","og_image":[{"width":1200,"height":627,"url":"https:\/\/alpha-credo.com\/wp-content\/uploads\/2021\/07\/Regionalization_SLO-01-01-01.png","type":"image\/png"}],"author":"aljaz","twitter_card":"summary_large_image","twitter_misc":{"Written by":"aljaz","Est. reading time":"2 minuti"},"schema":{"@context":"https:\/\/schema.org","@graph":[{"@type":"WebPage","@id":"https:\/\/alpha-credo.com\/regionalization-of-global-trade\/","url":"https:\/\/alpha-credo.com\/regionalization-of-global-trade\/","name":"Regionalizacija globalne trgovine - Alpha Credo","isPartOf":{"@id":"https:\/\/alpha-credo.com\/sl\/#website"},"datePublished":"2021-07-18T17:54:55+00:00","dateModified":"2021-07-20T14:07:53+00:00","author":{"@id":"https:\/\/alpha-credo.com\/sl\/#\/schema\/person\/de48150be544a3ffc619d9ebc0bb0450"},"breadcrumb":{"@id":"https:\/\/alpha-credo.com\/regionalization-of-global-trade\/#breadcrumb"},"inLanguage":"sl-SI","potentialAction":[{"@type":"ReadAction","target":["https:\/\/alpha-credo.com\/regionalization-of-global-trade\/"]}]},{"@type":"BreadcrumbList","@id":"https:\/\/alpha-credo.com\/regionalization-of-global-trade\/#breadcrumb","itemListElement":[{"@type":"ListItem","position":1,"name":"Home","item":"https:\/\/alpha-credo.com\/sl\/"},{"@type":"ListItem","position":2,"name":"Regionalizacija globalne trgovine"}]},{"@type":"WebSite","@id":"https:\/\/alpha-credo.com\/sl\/#website","url":"https:\/\/alpha-credo.com\/sl\/","name":"Alpha Credo","description":"Zavarovalno posredni\u0161ka dru\u017eba\/Insurance Brokerage","potentialAction":[{"@type":"SearchAction","target":{"@type":"EntryPoint","urlTemplate":"https:\/\/alpha-credo.com\/sl\/?s={search_term_string}"},"query-input":"required name=search_term_string"}],"inLanguage":"sl-SI"},{"@type":"Person","@id":"https:\/\/alpha-credo.com\/sl\/#\/schema\/person\/de48150be544a3ffc619d9ebc0bb0450","name":"aljaz","image":{"@type":"ImageObject","inLanguage":"sl-SI","@id":"https:\/\/alpha-credo.com\/sl\/#\/schema\/person\/image\/","url":"https:\/\/secure.gravatar.com\/avatar\/4d5e247c9d88cce44443592f9313a057?s=96&d=mm&r=g","contentUrl":"https:\/\/secure.gravatar.com\/avatar\/4d5e247c9d88cce44443592f9313a057?s=96&d=mm&r=g","caption":"aljaz"}}]}},"_links":{"self":[{"href":"https:\/\/alpha-credo.com\/sl\/wp-json\/wp\/v2\/posts\/2976"}],"collection":[{"href":"https:\/\/alpha-credo.com\/sl\/wp-json\/wp\/v2\/posts"}],"about":[{"href":"https:\/\/alpha-credo.com\/sl\/wp-json\/wp\/v2\/types\/post"}],"author":[{"embeddable":true,"href":"https:\/\/alpha-credo.com\/sl\/wp-json\/wp\/v2\/users\/5"}],"replies":[{"embeddable":true,"href":"https:\/\/alpha-credo.com\/sl\/wp-json\/wp\/v2\/comments?post=2976"}],"version-history":[{"count":5,"href":"https:\/\/alpha-credo.com\/sl\/wp-json\/wp\/v2\/posts\/2976\/revisions"}],"predecessor-version":[{"id":2986,"href":"https:\/\/alpha-credo.com\/sl\/wp-json\/wp\/v2\/posts\/2976\/revisions\/2986"}],"wp:featuredmedia":[{"embeddable":true,"href":"https:\/\/alpha-credo.com\/sl\/wp-json\/wp\/v2\/media\/2978"}],"wp:attachment":[{"href":"https:\/\/alpha-credo.com\/sl\/wp-json\/wp\/v2\/media?parent=2976"}],"wp:term":[{"taxonomy":"category","embeddable":true,"href":"https:\/\/alpha-credo.com\/sl\/wp-json\/wp\/v2\/categories?post=2976"},{"taxonomy":"post_tag","embeddable":true,"href":"https:\/\/alpha-credo.com\/sl\/wp-json\/wp\/v2\/tags?post=2976"}],"curies":[{"name":"wp","href":"https:\/\/api.w.org\/{rel}","templated":true}]}}